{"id":11201,"date":"2023-07-26T10:20:00","date_gmt":"2023-07-26T10:20:00","guid":{"rendered":"https:\/\/colegioquadrante.pt\/2023\/07\/26\/summer-program-project-to-be-2023\/"},"modified":"2023-11-20T16:43:25","modified_gmt":"2023-11-20T16:43:25","slug":"summer-program-project-to-be-2023","status":"publish","type":"post","link":"https:\/\/colegioquadrante.pt\/en\/summer-program-project-to-be-2023\/","title":{"rendered":"Summer Program Project To Be 2023"},"content":{"rendered":"<p>The Summer Program 2023 will take place between July 31st and August 11th, at Col\u00e9gio da Beloura. It is open to children from 3 to 10 years old, students from Col\u00e9gios To Be and external students.<\/p>\n<p>Participants will be able to try different activities: Forest Experience (learning in the forest), Surf, Experimental Science, Arts and Crafts (theatre, pottery, visual arts), among others, focusing on the daily learning of English in a playful and pedagogical way.<\/p>\n<p><img loading=\"lazy\" decoding=\"async\" class=\"alignnone size-full wp-image-10931\" src=\"https:\/\/colegioquadrante.pt\/wp-content\/uploads\/2023\/07\/web-PT.jpg\" alt=\"\" width=\"620\" height=\"887\" srcset=\"https:\/\/colegioquadrante.pt\/wp-content\/uploads\/2023\/07\/web-PT.jpg 620w, https:\/\/colegioquadrante.pt\/wp-content\/uploads\/2023\/07\/web-PT-480x687.jpg 480w\" sizes=\"(min-width: 0px) and (max-width: 480px) 480px, (min-width: 481px) 620px, 100vw\" \/><\/p>\n","protected":false},"excerpt":{"rendered":"<p>The Summer Program 2023 will take place between July 31st and August 11th, at Col\u00e9gio da Beloura. It is open to children from 3 to 10 years old, students from Col\u00e9gios To Be and external students. Participants will be able to try different activities: Forest Experience (learning in the forest), Surf, Experimental Science, Arts and [&hellip;]<\/p>\n","protected":false},"author":3,"featured_media":10930,"comment_status":"open","ping_status":"open","sticky":false,"template":"","format":"standard","meta":{"_acf_changed":false,"_et_pb_use_builder":"","_et_pb_old_content":"","_et_gb_content_width":"","footnotes":""},"categories":[20],"tags":[],"class_list":["post-11201","post","type-post","status-publish","format-standard","has-post-thumbnail","hentry","category-news-and-activities"],"acf":[],"yoast_head":"<!-- This site is optimized with the Yoast SEO plugin v26.9 - https:\/\/yoast.com\/product\/yoast-seo-wordpress\/ -->\n<title>Summer Program Project To Be 2023 - Col\u00e9gio Quadrante<\/title>\n<meta name=\"robots\" content=\"noindex, follow\" \/>\n<meta property=\"og:locale\" content=\"en_US\" \/>\n<meta property=\"og:type\" content=\"article\" \/>\n<meta property=\"og:title\" content=\"Summer Program Project To Be 2023 - Col\u00e9gio Quadrante\" \/>\n<meta property=\"og:description\" content=\"The Summer Program 2023 will take place between July 31st and August 11th, at Col\u00e9gio da Beloura. It is open to children from 3 to 10 years old, students from Col\u00e9gios To Be and external students. Participants will be able to try different activities: Forest Experience (learning in the forest), Surf, Experimental Science, Arts and [&hellip;]\" \/>\n<meta property=\"og:site_name\" content=\"Col\u00e9gio Quadrante\" \/>\n<meta property=\"article:publisher\" content=\"https:\/\/www.facebook.com\/p\/Colgio-Quadrante-Cascais-100094628574430\/\" \/>\n<meta property=\"article:published_time\" content=\"2023-07-26T10:20:00+00:00\" \/>\n<meta property=\"article:modified_time\" content=\"2023-11-20T16:43:25+00:00\" \/>\n<meta property=\"og:image\" content=\"https:\/\/colegioquadrante.pt\/wp-content\/uploads\/2023\/07\/summer.jpg\" \/>\n\t<meta property=\"og:image:width\" content=\"300\" \/>\n\t<meta property=\"og:image:height\" content=\"300\" \/>\n\t<meta property=\"og:image:type\" content=\"image\/jpeg\" \/>\n<meta name=\"author\" content=\"pedropimentel\" \/>\n<meta name=\"twitter:card\" content=\"summary_large_image\" \/>\n<meta name=\"twitter:label1\" content=\"Written by\" \/>\n\t<meta name=\"twitter:data1\" content=\"pedropimentel\" \/>\n<script type=\"application\/ld+json\" class=\"yoast-schema-graph\">{\"@context\":\"https:\/\/schema.org\",\"@graph\":[{\"@type\":\"Article\",\"@id\":\"https:\/\/colegioquadrante.pt\/en\/summer-program-project-to-be-2023\/#article\",\"isPartOf\":{\"@id\":\"https:\/\/colegioquadrante.pt\/en\/summer-program-project-to-be-2023\/\"},\"author\":{\"name\":\"pedropimentel\",\"@id\":\"https:\/\/colegioquadrante.pt\/#\/schema\/person\/be96ad6e34481057942078e983b903da\"},\"headline\":\"Summer Program Project To Be 2023\",\"datePublished\":\"2023-07-26T10:20:00+00:00\",\"dateModified\":\"2023-11-20T16:43:25+00:00\",\"mainEntityOfPage\":{\"@id\":\"https:\/\/colegioquadrante.pt\/en\/summer-program-project-to-be-2023\/\"},\"wordCount\":79,\"commentCount\":0,\"publisher\":{\"@id\":\"https:\/\/colegioquadrante.pt\/#organization\"},\"image\":{\"@id\":\"https:\/\/colegioquadrante.pt\/en\/summer-program-project-to-be-2023\/#primaryimage\"},\"thumbnailUrl\":\"https:\/\/colegioquadrante.pt\/wp-content\/uploads\/2023\/07\/summer.jpg\",\"articleSection\":[\"News and activities\"],\"inLanguage\":\"en-US\"},{\"@type\":\"WebPage\",\"@id\":\"https:\/\/colegioquadrante.pt\/en\/summer-program-project-to-be-2023\/\",\"url\":\"https:\/\/colegioquadrante.pt\/en\/summer-program-project-to-be-2023\/\",\"name\":\"Summer Program Project To Be 2023 - Col\u00e9gio Quadrante\",\"isPartOf\":{\"@id\":\"https:\/\/colegioquadrante.pt\/#website\"},\"primaryImageOfPage\":{\"@id\":\"https:\/\/colegioquadrante.pt\/en\/summer-program-project-to-be-2023\/#primaryimage\"},\"image\":{\"@id\":\"https:\/\/colegioquadrante.pt\/en\/summer-program-project-to-be-2023\/#primaryimage\"},\"thumbnailUrl\":\"https:\/\/colegioquadrante.pt\/wp-content\/uploads\/2023\/07\/summer.jpg\",\"datePublished\":\"2023-07-26T10:20:00+00:00\",\"dateModified\":\"2023-11-20T16:43:25+00:00\",\"breadcrumb\":{\"@id\":\"https:\/\/colegioquadrante.pt\/en\/summer-program-project-to-be-2023\/#breadcrumb\"},\"inLanguage\":\"en-US\",\"potentialAction\":[{\"@type\":\"ReadAction\",\"target\":[\"https:\/\/colegioquadrante.pt\/en\/summer-program-project-to-be-2023\/\"]}]},{\"@type\":\"ImageObject\",\"inLanguage\":\"en-US\",\"@id\":\"https:\/\/colegioquadrante.pt\/en\/summer-program-project-to-be-2023\/#primaryimage\",\"url\":\"https:\/\/colegioquadrante.pt\/wp-content\/uploads\/2023\/07\/summer.jpg\",\"contentUrl\":\"https:\/\/colegioquadrante.pt\/wp-content\/uploads\/2023\/07\/summer.jpg\",\"width\":300,\"height\":300},{\"@type\":\"BreadcrumbList\",\"@id\":\"https:\/\/colegioquadrante.pt\/en\/summer-program-project-to-be-2023\/#breadcrumb\",\"itemListElement\":[{\"@type\":\"ListItem\",\"position\":1,\"name\":\"In\u00edcio\",\"item\":\"https:\/\/colegioquadrante.pt\/en\/home\/\"},{\"@type\":\"ListItem\",\"position\":2,\"name\":\"Summer Program Project To Be 2023\"}]},{\"@type\":\"WebSite\",\"@id\":\"https:\/\/colegioquadrante.pt\/#website\",\"url\":\"https:\/\/colegioquadrante.pt\/\",\"name\":\"Col\u00e9gio Quadrante\",\"description\":\"Legacy, English and Arts\",\"publisher\":{\"@id\":\"https:\/\/colegioquadrante.pt\/#organization\"},\"potentialAction\":[{\"@type\":\"SearchAction\",\"target\":{\"@type\":\"EntryPoint\",\"urlTemplate\":\"https:\/\/colegioquadrante.pt\/?s={search_term_string}\"},\"query-input\":{\"@type\":\"PropertyValueSpecification\",\"valueRequired\":true,\"valueName\":\"search_term_string\"}}],\"inLanguage\":\"en-US\"},{\"@type\":\"Organization\",\"@id\":\"https:\/\/colegioquadrante.pt\/#organization\",\"name\":\"Col\u00e9gio Quadrante\",\"url\":\"https:\/\/colegioquadrante.pt\/\",\"logo\":{\"@type\":\"ImageObject\",\"inLanguage\":\"en-US\",\"@id\":\"https:\/\/colegioquadrante.pt\/#\/schema\/logo\/image\/\",\"url\":\"https:\/\/colegioquadrante.pt\/wp-content\/uploads\/2023\/06\/Quadrante-Site-Ico.png\",\"contentUrl\":\"https:\/\/colegioquadrante.pt\/wp-content\/uploads\/2023\/06\/Quadrante-Site-Ico.png\",\"width\":512,\"height\":512,\"caption\":\"Col\u00e9gio Quadrante\"},\"image\":{\"@id\":\"https:\/\/colegioquadrante.pt\/#\/schema\/logo\/image\/\"},\"sameAs\":[\"https:\/\/www.facebook.com\/p\/Colgio-Quadrante-Cascais-100094628574430\/\",\"https:\/\/www.instagram.com\/colegio__quadrante\/\"]},{\"@type\":\"Person\",\"@id\":\"https:\/\/colegioquadrante.pt\/#\/schema\/person\/be96ad6e34481057942078e983b903da\",\"name\":\"pedropimentel\",\"image\":{\"@type\":\"ImageObject\",\"inLanguage\":\"en-US\",\"@id\":\"https:\/\/colegioquadrante.pt\/#\/schema\/person\/image\/\",\"url\":\"https:\/\/secure.gravatar.com\/avatar\/053d645462fec9a920c1ac6c4be743729dde97733241a2c9e6d7bc099941b685?s=96&d=mm&r=g\",\"contentUrl\":\"https:\/\/secure.gravatar.com\/avatar\/053d645462fec9a920c1ac6c4be743729dde97733241a2c9e6d7bc099941b685?s=96&d=mm&r=g\",\"caption\":\"pedropimentel\"}}]}<\/script>\n<!-- \/ Yoast SEO plugin. -->","yoast_head_json":{"title":"Summer Program Project To Be 2023 - Col\u00e9gio Quadrante","robots":{"index":"noindex","follow":"follow"},"og_locale":"en_US","og_type":"article","og_title":"Summer Program Project To Be 2023 - Col\u00e9gio Quadrante","og_description":"The Summer Program 2023 will take place between July 31st and August 11th, at Col\u00e9gio da Beloura. It is open to children from 3 to 10 years old, students from Col\u00e9gios To Be and external students. Participants will be able to try different activities: Forest Experience (learning in the forest), Surf, Experimental Science, Arts and [&hellip;]","og_site_name":"Col\u00e9gio Quadrante","article_publisher":"https:\/\/www.facebook.com\/p\/Colgio-Quadrante-Cascais-100094628574430\/","article_published_time":"2023-07-26T10:20:00+00:00","article_modified_time":"2023-11-20T16:43:25+00:00","og_image":[{"width":300,"height":300,"url":"https:\/\/colegioquadrante.pt\/wp-content\/uploads\/2023\/07\/summer.jpg","type":"image\/jpeg"}],"author":"pedropimentel","twitter_card":"summary_large_image","twitter_misc":{"Written by":"pedropimentel"},"schema":{"@context":"https:\/\/schema.org","@graph":[{"@type":"Article","@id":"https:\/\/colegioquadrante.pt\/en\/summer-program-project-to-be-2023\/#article","isPartOf":{"@id":"https:\/\/colegioquadrante.pt\/en\/summer-program-project-to-be-2023\/"},"author":{"name":"pedropimentel","@id":"https:\/\/colegioquadrante.pt\/#\/schema\/person\/be96ad6e34481057942078e983b903da"},"headline":"Summer Program Project To Be 2023","datePublished":"2023-07-26T10:20:00+00:00","dateModified":"2023-11-20T16:43:25+00:00","mainEntityOfPage":{"@id":"https:\/\/colegioquadrante.pt\/en\/summer-program-project-to-be-2023\/"},"wordCount":79,"commentCount":0,"publisher":{"@id":"https:\/\/colegioquadrante.pt\/#organization"},"image":{"@id":"https:\/\/colegioquadrante.pt\/en\/summer-program-project-to-be-2023\/#primaryimage"},"thumbnailUrl":"https:\/\/colegioquadrante.pt\/wp-content\/uploads\/2023\/07\/summer.jpg","articleSection":["News and activities"],"inLanguage":"en-US"},{"@type":"WebPage","@id":"https:\/\/colegioquadrante.pt\/en\/summer-program-project-to-be-2023\/","url":"https:\/\/colegioquadrante.pt\/en\/summer-program-project-to-be-2023\/","name":"Summer Program Project To Be 2023 - Col\u00e9gio Quadrante","isPartOf":{"@id":"https:\/\/colegioquadrante.pt\/#website"},"primaryImageOfPage":{"@id":"https:\/\/colegioquadrante.pt\/en\/summer-program-project-to-be-2023\/#primaryimage"},"image":{"@id":"https:\/\/colegioquadrante.pt\/en\/summer-program-project-to-be-2023\/#primaryimage"},"thumbnailUrl":"https:\/\/colegioquadrante.pt\/wp-content\/uploads\/2023\/07\/summer.jpg","datePublished":"2023-07-26T10:20:00+00:00","dateModified":"2023-11-20T16:43:25+00:00","breadcrumb":{"@id":"https:\/\/colegioquadrante.pt\/en\/summer-program-project-to-be-2023\/#breadcrumb"},"inLanguage":"en-US","potentialAction":[{"@type":"ReadAction","target":["https:\/\/colegioquadrante.pt\/en\/summer-program-project-to-be-2023\/"]}]},{"@type":"ImageObject","inLanguage":"en-US","@id":"https:\/\/colegioquadrante.pt\/en\/summer-program-project-to-be-2023\/#primaryimage","url":"https:\/\/colegioquadrante.pt\/wp-content\/uploads\/2023\/07\/summer.jpg","contentUrl":"https:\/\/colegioquadrante.pt\/wp-content\/uploads\/2023\/07\/summer.jpg","width":300,"height":300},{"@type":"BreadcrumbList","@id":"https:\/\/colegioquadrante.pt\/en\/summer-program-project-to-be-2023\/#breadcrumb","itemListElement":[{"@type":"ListItem","position":1,"name":"In\u00edcio","item":"https:\/\/colegioquadrante.pt\/en\/home\/"},{"@type":"ListItem","position":2,"name":"Summer Program Project To Be 2023"}]},{"@type":"WebSite","@id":"https:\/\/colegioquadrante.pt\/#website","url":"https:\/\/colegioquadrante.pt\/","name":"Col\u00e9gio Quadrante","description":"Legacy, English and Arts","publisher":{"@id":"https:\/\/colegioquadrante.pt\/#organization"},"potentialAction":[{"@type":"SearchAction","target":{"@type":"EntryPoint","urlTemplate":"https:\/\/colegioquadrante.pt\/?s={search_term_string}"},"query-input":{"@type":"PropertyValueSpecification","valueRequired":true,"valueName":"search_term_string"}}],"inLanguage":"en-US"},{"@type":"Organization","@id":"https:\/\/colegioquadrante.pt\/#organization","name":"Col\u00e9gio Quadrante","url":"https:\/\/colegioquadrante.pt\/","logo":{"@type":"ImageObject","inLanguage":"en-US","@id":"https:\/\/colegioquadrante.pt\/#\/schema\/logo\/image\/","url":"https:\/\/colegioquadrante.pt\/wp-content\/uploads\/2023\/06\/Quadrante-Site-Ico.png","contentUrl":"https:\/\/colegioquadrante.pt\/wp-content\/uploads\/2023\/06\/Quadrante-Site-Ico.png","width":512,"height":512,"caption":"Col\u00e9gio Quadrante"},"image":{"@id":"https:\/\/colegioquadrante.pt\/#\/schema\/logo\/image\/"},"sameAs":["https:\/\/www.facebook.com\/p\/Colgio-Quadrante-Cascais-100094628574430\/","https:\/\/www.instagram.com\/colegio__quadrante\/"]},{"@type":"Person","@id":"https:\/\/colegioquadrante.pt\/#\/schema\/person\/be96ad6e34481057942078e983b903da","name":"pedropimentel","image":{"@type":"ImageObject","inLanguage":"en-US","@id":"https:\/\/colegioquadrante.pt\/#\/schema\/person\/image\/","url":"https:\/\/secure.gravatar.com\/avatar\/053d645462fec9a920c1ac6c4be743729dde97733241a2c9e6d7bc099941b685?s=96&d=mm&r=g","contentUrl":"https:\/\/secure.gravatar.com\/avatar\/053d645462fec9a920c1ac6c4be743729dde97733241a2c9e6d7bc099941b685?s=96&d=mm&r=g","caption":"pedropimentel"}}]}},"_links":{"self":[{"href":"https:\/\/colegioquadrante.pt\/en\/wp-json\/wp\/v2\/posts\/11201","targetHints":{"allow":["GET"]}}],"collection":[{"href":"https:\/\/colegioquadrante.pt\/en\/wp-json\/wp\/v2\/posts"}],"about":[{"href":"https:\/\/colegioquadrante.pt\/en\/wp-json\/wp\/v2\/types\/post"}],"author":[{"embeddable":true,"href":"https:\/\/colegioquadrante.pt\/en\/wp-json\/wp\/v2\/users\/3"}],"replies":[{"embeddable":true,"href":"https:\/\/colegioquadrante.pt\/en\/wp-json\/wp\/v2\/comments?post=11201"}],"version-history":[{"count":1,"href":"https:\/\/colegioquadrante.pt\/en\/wp-json\/wp\/v2\/posts\/11201\/revisions"}],"predecessor-version":[{"id":11669,"href":"https:\/\/colegioquadrante.pt\/en\/wp-json\/wp\/v2\/posts\/11201\/revisions\/11669"}],"wp:featuredmedia":[{"embeddable":true,"href":"https:\/\/colegioquadrante.pt\/en\/wp-json\/wp\/v2\/media\/10930"}],"wp:attachment":[{"href":"https:\/\/colegioquadrante.pt\/en\/wp-json\/wp\/v2\/media?parent=11201"}],"wp:term":[{"taxonomy":"category","embeddable":true,"href":"https:\/\/colegioquadrante.pt\/en\/wp-json\/wp\/v2\/categories?post=11201"},{"taxonomy":"post_tag","embeddable":true,"href":"https:\/\/colegioquadrante.pt\/en\/wp-json\/wp\/v2\/tags?post=11201"}],"curies":[{"name":"wp","href":"https:\/\/api.w.org\/{rel}","templated":true}]}}